{"id":15546,"date":"2026-08-28T15:08:53","date_gmt":"2026-08-28T13:08:53","guid":{"rendered":"https:\/\/setupandorra.com\/?p=15546"},"modified":"2026-08-31T09:27:14","modified_gmt":"2026-08-31T07:27:14","slug":"guia-de-coworkings-en-andorra-2026-domiciliacion-y-precios","status":"publish","type":"post","link":"https:\/\/setupandorra.com\/es\/guia-de-coworkings-en-andorra-2026-domiciliacion-y-precios\/","title":{"rendered":"Gu\u00eda de coworkings en Andorra 2026: domiciliaci\u00f3n y precios"},"content":{"rendered":"\n<p class=\"wp-block-paragraph\">Una vez tomada la decisi\u00f3n de crear su sociedad en Andorra, la primera cuesti\u00f3n que se plantea para llevar a cabo su instalaci\u00f3n en el Principado es el lugar de trabajo. \u00bfD\u00f3nde va a trabajar a diario? \u00bfC\u00f3mo domiciliar su sociedad de forma conforme y eficaz, cuando la normativa andorrana exige un espacio dedicado y permanente? A continuaci\u00f3n encontrar\u00e1 diversos elementos de nuestra <a href=\"https:\/\/setupandorra.com\/es\/setup\/la-sociedad\/\">gestor\u00eda andorrana<\/a> para responder a estas cuestiones.<\/p>\n\n\n\n<h2 class=\"wp-block-heading\">La obligaci\u00f3n de domiciliaci\u00f3n: se exige un puesto dedicado<\/h2>\n\n\n\n<p class=\"wp-block-paragraph\">Primera regla que debe conocer para domiciliarse en Andorra: un Hot Desk no basta para registrar su sociedad. El Registro de Comercio y las exigencias de sustancia controladas por el Departament de Comer\u00e7 exigen un espacio dedicado y permanente, con direcci\u00f3n comercial reconocida por el Govern.<\/p>\n\n\n\n<p class=\"wp-block-paragraph\">Por ello conviene distinguir tres niveles de oferta:<\/p>\n\n\n\n<ul class=\"wp-block-list\">\n<li><strong>Direcci\u00f3n sola \/ Virtual Office<\/strong>: propuesta por algunos centros para la recepci\u00f3n del correo, no permite por s\u00ed sola la domiciliaci\u00f3n si no dispone de un puesto fijo<\/li>\n\n\n\n<li><strong>Puesto fijo con domiciliaci\u00f3n<\/strong>: la f\u00f3rmula que permite el registro oficial de su sociedad<\/li>\n\n\n\n<li><strong>Despacho privado<\/strong>: espacio cerrado y privativo, recomendado en cuanto sean dos socios o reciba a clientes<\/li>\n<\/ul>\n\n\n\n<p class=\"wp-block-paragraph\">Si ya reside en Andorra, la domiciliaci\u00f3n en el domicilio sigue siendo legalmente posible para una profesi\u00f3n liberal con estancia dedicada de unos 20 m\u00b2, contrato de alquiler que autorice el uso mixto y sustancia probada, pero sigue siendo controlada durante las visitas del Departament de Comer\u00e7 y poco adaptada a una SL activa. Por ello la mayor\u00eda de los creadores optan por un Dedicated Desk, m\u00e1s sencillo de validar por la administraci\u00f3n.<\/p>\n\n\n\n<p class=\"wp-block-paragraph\">Para conocer el procedimiento a seguir y para m\u00e1s informaci\u00f3n sobre la <a href=\"https:\/\/setupandorra.com\/es\/invertir\/crear-una-sociedad\/tipos-de-sociedades-condiciones-y-tramites\/\">creaci\u00f3n de sociedades<\/a>, no dude en <a href=\"https:\/\/setupandorra.com\/es\/contacto\/\">contactar con Set Up<\/a>, Conserjer\u00eda Privada del Principado que cuenta con un conocimiento muy profundo del pa\u00eds, de sus leyes y de sus normas administrativas.<\/p>\n\n\n\n<h2 class=\"wp-block-heading\">Top 5 de los coworkings m\u00e1s conocidos en Andorra<\/h2>\n\n\n\n<p class=\"wp-block-paragraph\">Todos est\u00e1n situados en el centro de la ciudad: Andorra la Vella \/ Escaldes-Engordany.<\/p>\n\n\n\n<p class=\"wp-block-paragraph\">Incluso encontrar\u00e1 coworkings en las nuevas torres del centro.<\/p>\n\n\n\n<figure class=\"wp-block-image size-large is-resized\"><img fetchpriority=\"high\" decoding=\"async\" width=\"1024\" height=\"576\" src=\"https:\/\/setupandorra.com\/wp-content\/uploads\/2026\/08\/image-4-1024x576.jpeg\" alt=\"\" class=\"wp-image-15547\" style=\"aspect-ratio:1.7777777777777777;width:624px;height:auto\" srcset=\"https:\/\/setupandorra.com\/wp-content\/uploads\/2026\/08\/image-4-1024x576.jpeg 1024w, https:\/\/setupandorra.com\/wp-content\/uploads\/2026\/08\/image-4-300x169.jpeg 300w, https:\/\/setupandorra.com\/wp-content\/uploads\/2026\/08\/image-4-768x432.jpeg 768w, https:\/\/setupandorra.com\/wp-content\/uploads\/2026\/08\/image-4-1536x864.jpeg 1536w, https:\/\/setupandorra.com\/wp-content\/uploads\/2026\/08\/image-4.jpeg 1920w\" sizes=\"(max-width: 1024px) 100vw, 1024px\" \/><\/figure>\n\n\n\n<ul class=\"wp-block-list\">\n<li><strong>Hive Five by Bomosa<\/strong>: el operador m\u00e1s grande con 5 plantas y 2.000 m\u00b2. Terraza panor\u00e1mica, sala de podcast, gimnasio y duchas, sello de carbono neutro. Abierto 24\/7 con acceso inteligente<\/li>\n\n\n\n<li>Direcci\u00f3n: <a href=\"https:\/\/maps.app.goo.gl\/hGmXbSMbS64tiu6q8\">Av. Doctor Mitjavila 5, AD500 Andorra la Vella<\/a><\/li>\n\n\n\n<li><strong>Ingeni Coworking<\/strong>: 3 espacios en el centro, posicionado como tecnol\u00f3gico y creativo. Acceso 24\/7 a las tres sedes incluido<\/li>\n<\/ul>\n\n\n\n<ul class=\"wp-block-list\">\n<li>\u00d2nix: <a href=\"https:\/\/maps.app.goo.gl\/mP5vWFQjgj3U1U968\">Carrer de Pau Casals 10, 3\u00ba, Andorra la Vella<\/a><\/li>\n\n\n\n<li>Europa: <a href=\"https:\/\/maps.app.goo.gl\/ySvy6yq7gSNpxXt1A\">Passatge d\u2019Europa 1, Edifici el Bolet, 4\u00ba, Andorra la Vella<\/a><\/li>\n\n\n\n<li>Escaldes: <a href=\"https:\/\/maps.app.goo.gl\/qDW6xJn9py4DzRnV8\">C. de la Constituci\u00f3 17, AD700 Escaldes-Engordany<\/a><\/li>\n\n\n\n<li><strong>SMART Executive Center<\/strong>: el premium hist\u00f3rico desde 2015 con 1.600 m\u00b2. El m\u00e1s cercano al Govern a 200 m y al Com\u00fa, con 40 despachos privados y 71 puestos en open space<\/li>\n\n\n\n<li>Direcci\u00f3n: <a href=\"https:\/\/maps.app.goo.gl\/z7nfBBkDcmCnD98n9\">Av. Pr\u00edncep Benlloch 26-30, 2\u00ba, Andorra la Vella<\/a><\/li>\n\n\n\n<li><strong>Andorra Work Center<\/strong>: 1.000 m\u00b2 en dos plantas, la oferta de entrada m\u00e1s accesible<\/li>\n\n\n\n<li>Direcci\u00f3n: <a href=\"https:\/\/maps.app.goo.gl\/xQgovXRXq5URfnAJ7\">Av. Tarragona 51 \/ Parc de la Mola 10, Andorra la Vella<\/a><\/li>\n\n\n\n<li><strong>Monday<\/strong>: grupo internacional con dos sedes en Escaldes, dise\u00f1o acristalado con vistas a la monta\u00f1a, cantina y acceso a la red europea<\/li>\n<\/ul>\n\n\n\n<ul class=\"wp-block-list\">\n<li>Carlemany: <a href=\"https:\/\/www.google.com\/maps\/search\/Carrer+dels+Paraires+8+AD700+Escaldes-Engordany\">Carrer dels Paraires 8, AD700 Escaldes-Engordany<\/a><\/li>\n\n\n\n<li>Escaldes: a 1 minuto de Illa Carlemany<\/li>\n<\/ul>\n\n\n\n<h2 class=\"wp-block-heading\">F\u00f3rmulas y precios verificados a principios de 2026<\/h2>\n\n\n\n<p class=\"wp-block-paragraph\">Precios verificados el 22 de julio de 2026 en los sitios oficiales. Precios indicados sin impuestos, a los que hay que a\u00f1adir el 4,5 % de IGI.<\/p>\n\n\n\n<h3 class=\"wp-block-heading\">Hot Desk: puesto flexible sin domiciliaci\u00f3n<\/h3>\n\n\n\n<p class=\"wp-block-paragraph\">Puesto no asignado, sin direcci\u00f3n de domiciliaci\u00f3n. Ideal para probar el pa\u00eds o disponer de un punto de apoyo puntual.<\/p>\n\n\n\n<ul class=\"wp-block-list\">\n<li><strong>SMART \u2013 105 \u20ac \/ mes<\/strong><\/li>\n\n\n\n<li>Media jornada 13 \u20ac y jornada completa 20 \u20ac<\/li>\n\n\n\n<li><strong>Andorra Work Center \u2013 120 \u20ac \/ mes<\/strong><\/li>\n\n\n\n<li>Acceso en open space, sin compromiso de permanencia<\/li>\n\n\n\n<li><strong>Monday \u2013 199 \u20ac \/ mes<\/strong><\/li>\n\n\n\n<li>Jornada 29 \u20ac, acceso a cantina y red europea incluido<\/li>\n\n\n\n<li><strong>Hive Five \u2013 285 \u20ac \/ mes<\/strong><\/li>\n<\/ul>\n\n\n\n<ul class=\"wp-block-list\">\n<li>3 h de sala incluidas<\/li>\n\n\n\n<li>200 impresiones<\/li>\n\n\n\n<li>Acceso a gimnasio, duchas y podcast<\/li>\n\n\n\n<li>Sin permanencia<\/li>\n<\/ul>\n\n\n\n<p class=\"wp-block-paragraph\">Ingeni no propone Hot Desk, su oferta empieza en el puesto fijo.<\/p>\n\n\n\n<h3 class=\"wp-block-heading\">Puesto fijo: de 249 \u20ac a 410 \u20ac<\/h3>\n\n\n\n<p class=\"wp-block-paragraph\">Plaza asignada cada d\u00eda. Dos casos que distinguir.<\/p>\n\n\n\n<p class=\"wp-block-paragraph\"><strong>Sin domiciliaci\u00f3n:<\/strong><\/p>\n\n\n\n<ul class=\"wp-block-list\">\n<li><strong>Ingeni Personal Desk \u2013 310 \u20ac \/ mes<\/strong><\/li>\n<\/ul>\n\n\n\n<ul class=\"wp-block-list\">\n<li>2 h de sala incluidas<\/li>\n\n\n\n<li>Taquilla privada<\/li>\n\n\n\n<li>Acceso 24\/7 a las tres sedes de Ingeni<\/li>\n\n\n\n<li>Domiciliaci\u00f3n no incluida<\/li>\n<\/ul>\n\n\n\n<p class=\"wp-block-paragraph\"><strong>Con domiciliaci\u00f3n, la soluci\u00f3n para registrar su SL:<\/strong><\/p>\n\n\n\n<ul class=\"wp-block-list\">\n<li><strong>Monday Fixed Desk \u2013 249 \u20ac \/ mes<\/strong><\/li>\n\n\n\n<li>Puesto fijo en open space<\/li>\n\n\n\n<li><strong>Andorra Work Center Personal Desk \u2013 259 \u20ac \/ mes<\/strong><\/li>\n<\/ul>\n\n\n\n<ul class=\"wp-block-list\">\n<li>5 h de sala incluidas<\/li>\n\n\n\n<li>Domiciliaci\u00f3n incluida<\/li>\n\n\n\n<li><strong>SMART Dedicated Desk \u2013 295 \u20ac \/ mes<\/strong><\/li>\n<\/ul>\n\n\n\n<ul class=\"wp-block-list\">\n<li>4 h de sala incluidas<\/li>\n\n\n\n<li>Compromiso de 6 meses<\/li>\n\n\n\n<li>Domiciliaci\u00f3n incluida<\/li>\n\n\n\n<li><strong>Ingeni Business Desk \u2013 410 \u20ac \/ mes<\/strong><\/li>\n<\/ul>\n\n\n\n<ul class=\"wp-block-list\">\n<li>5 h de sala incluidas<\/li>\n\n\n\n<li>Taquilla privada<\/li>\n\n\n\n<li>Acceso 24\/7 a las tres sedes de Ingeni<\/li>\n\n\n\n<li>Domiciliaci\u00f3n incluida<\/li>\n\n\n\n<li><strong>Hive Five Fixed Desk \u2013 385 \u20ac \/ mes<\/strong><\/li>\n<\/ul>\n\n\n\n<ul class=\"wp-block-list\">\n<li>5 h de sala incluidas<\/li>\n\n\n\n<li>200 impresiones<\/li>\n\n\n\n<li>Domiciliaci\u00f3n incluida<\/li>\n\n\n\n<li>Compromiso de 6 meses<\/li>\n<\/ul>\n\n\n\n<h3 class=\"wp-block-heading\">Despacho privado: desde 590 \u20ac \/ mes<\/h3>\n\n\n\n<p class=\"wp-block-paragraph\">Recomendado en cuanto sean dos socios o reciba a clientes.<\/p>\n\n\n\n<ul class=\"wp-block-list\">\n<li><strong>Andorra Work Center \u2013 desde 590 \u20ac \/ mes<\/strong><\/li>\n\n\n\n<li>10 h de sala incluidas<\/li>\n\n\n\n<li><strong>Monday \u2013 desde 349 \u20ac \/ pers. \/ mes<\/strong><\/li>\n\n\n\n<li>A partir de 1 persona<\/li>\n\n\n\n<li><strong>Ingeni \u2013 desde 1.100 \u20ac \/ mes<\/strong><\/li>\n\n\n\n<li>Equipos de 2 a 6 personas<\/li>\n\n\n\n<li><strong>Hive Five \u2013 desde 1.100 \u20ac \/ mes<\/strong><\/li>\n<\/ul>\n\n\n\n<ul class=\"wp-block-list\">\n<li>Doble 7 m\u00b2 1.100 \u20ac, Cu\u00e1druple 12 m\u00b2 1.600 \u20ac, \u00d3ctuple 23 m\u00b2 2.600 \u20ac<\/li>\n\n\n\n<li>8 h de sala incluidas<\/li>\n<\/ul>\n\n\n\n<h2 class=\"wp-block-heading\">Otros coworkings a conocer en Andorra<\/h2>\n\n\n\n<p class=\"wp-block-paragraph\">Adem\u00e1s del top 5, otros espacios completan la oferta, a menudo m\u00e1s peque\u00f1os o especializados.<\/p>\n\n\n\n<ul class=\"wp-block-list\">\n<li><strong>AF Coworking Andorra<\/strong> \u00b7 Encamp \u00b7 <a href=\"https:\/\/afcowork.com\/\">afcowork.com<\/a><\/li>\n\n\n\n<li><strong>Aitamar Coworking<\/strong> \u00b7 Escaldes-Engordany \u00b7 <a href=\"https:\/\/aitamargroup.com\/\">aitamargroup.com<\/a><\/li>\n\n\n\n<li><strong>Cow Or King<\/strong> \u00b7 Escaldes-Engordany \u00b7 <a href=\"https:\/\/coworkingandorra.com\/\">coworkingandorra.com<\/a><\/li>\n\n\n\n<li><strong>CoworkerAnd<\/strong> \u00b7 Escaldes-Engordany \u00b7 <a href=\"https:\/\/coworkerand.com\/\">coworkerand.com<\/a><\/li>\n\n\n\n<li><strong>Coworking Inspira<\/strong> \u00b7 Encamp \u00b7 <a href=\"https:\/\/www.coworking-inspira.com\/\">coworking-inspira.com<\/a><\/li>\n\n\n\n<li><strong>Ketkal Coworking<\/strong> \u00b7 Sant Juli\u00e0 de L\u00f2ria \u00b7 <a href=\"https:\/\/www.ketkal.net\/\">ketkal.net<\/a><\/li>\n\n\n\n<li><strong>LEAD Coworking<\/strong> \u00b7 Encamp \u00b7 <a href=\"https:\/\/www.leadcoworking.com\/es\/\">leadcoworking.com<\/a><\/li>\n\n\n\n<li><strong>LevelUP Coworking<\/strong> \u00b7 Escaldes-Engordany \u00b7 <a href=\"https:\/\/levelup.ad\/\">levelup.ad<\/a><\/li>\n\n\n\n<li><strong>Office Andorra<\/strong> \u00b7 Andorra la Vella \u00b7 <a href=\"https:\/\/www.office-andorra.com\/\">office-andorra.com<\/a><\/li>\n\n\n\n<li><strong>Tramuntana Coworking<\/strong> \u00b7 Andorra la Vella \u00b7 <a href=\"https:\/\/tramuntanacoworking.com\/\">tramuntanacoworking.com<\/a><\/li>\n<\/ul>\n\n\n\n<h2 class=\"wp-block-heading\">Qu\u00e9 debe saber antes de elegir su coworking<\/h2>\n\n\n\n<p class=\"wp-block-paragraph\">Elegir un coworking de forma adecuada es anticipar los servicios que va a necesitar en su d\u00eda a d\u00eda.<\/p>\n\n\n\n<p class=\"wp-block-paragraph\">Todos los centros incluyen Wi-Fi de alta velocidad, electricidad y limpieza. Verifique antes de comprometerse el n\u00famero de horas de sala incluidas, el volumen de impresiones, el acceso 24\/7, la presencia de cabinas telef\u00f3nicas insonorizadas, de taquillas y la recepci\u00f3n del correo.<\/p>\n\n\n\n<p class=\"wp-block-paragraph\">La mayor\u00eda de los centros proponen gimnasio, terraza o cantina. Hive Five es el \u00fanico que re\u00fane simult\u00e1neamente terraza panor\u00e1mica, gimnasio, duchas y sala de podcast bajo el mismo techo. SMART e Ingeni disponen tambi\u00e9n de una sala de podcast independiente.<\/p>\n\n\n\n<p class=\"wp-block-paragraph\">En el centro de la ciudad, a veces es complicado encontrar plaza en zona azul, sobre todo en invierno durante la temporada de esqu\u00ed. Es mejor saber <a href=\"https:\/\/actividadesenandorra.com\/planifica-tu-viaje\/aparcar-en-andorra\">d\u00f3nde aparcar<\/a> antes de desplazarse en coche. Que el aparcamiento est\u00e9 incluido tambi\u00e9n es un plus a tener en cuenta.<\/p>\n\n\n\n<p class=\"wp-block-paragraph\">Para m\u00e1s informaci\u00f3n, no dude en <a href=\"https:\/\/setupandorra.com\/es\/contacto\/\">contactar con Set Up<\/a>, Conserjer\u00eda Privada en el Principado. Le ayudaremos de forma concreta en su <a href=\"https:\/\/setupandorra.com\/es\/expatriarse\/nuestro-acompanamiento\/\">expatriaci\u00f3n<\/a> y en la elecci\u00f3n de su domiciliaci\u00f3n en Andorra. Nuestro acompa\u00f1amiento le permitir\u00e1 evitar las dificultades derivadas del alejamiento y superar la barrera del idioma, ya que los tr\u00e1mites administrativos se realizan en catal\u00e1n.<\/p>\n\n\n\n<p class=\"wp-block-paragraph\"><\/p>\n","protected":false},"excerpt":{"rendered":"<p>Una vez tomada la decisi\u00f3n de crear su sociedad en Andorra, la primera cuesti\u00f3n que se plantea para llevar a [&hellip;]<\/p>\n","protected":false},"author":6,"featured_media":15547,"comment_status":"open","ping_status":"open","sticky":false,"template":"","format":"standard","meta":{"_acf_changed":false,"_uag_custom_page_level_css":"","site-sidebar-layout":"default","site-content-layout":"","ast-site-content-layout":"default","site-content-style":"default","site-sidebar-style":"default","ast-global-header-display":"","ast-banner-title-visibility":"","ast-main-header-display":"","ast-hfb-above-header-display":"","ast-hfb-below-header-display":"","ast-hfb-mobile-header-display":"","site-post-title":"","ast-breadcrumbs-content":"","ast-featured-img":"","footer-sml-layout":"","ast-disable-related-posts":"","theme-transparent-header-meta":"","adv-header-id-meta":"","stick-header-meta":"","header-above-stick-meta":"","header-main-stick-meta":"","header-below-stick-meta":"","astra-migrate-meta-layouts":"default","ast-page-background-enabled":"default","ast-page-background-meta":{"desktop":{"background-color":"var(--ast-global-color-5)","background-image":"","background-repeat":"repeat","background-position":"center center","background-size":"auto","background-attachment":"scroll","background-type":"","background-media":"","overlay-type":"","overlay-color":"","overlay-opacity":"","overlay-gradient":""},"tablet":{"background-color":"","background-image":"","background-repeat":"repeat","background-position":"center center","background-size":"auto","background-attachment":"scroll","background-type":"","background-media":"","overlay-type":"","overlay-color":"","overlay-opacity":"","overlay-gradient":""},"mobile":{"background-color":"","background-image":"","background-repeat":"repeat","background-position":"center center","background-size":"auto","background-attachment":"scroll","background-type":"","background-media":"","overlay-type":"","overlay-color":"","overlay-opacity":"","overlay-gradient":""}},"ast-content-background-meta":{"desktop":{"background-color":"var(--ast-global-color-4)","background-image":"","background-repeat":"repeat","background-position":"center center","background-size":"auto","background-attachment":"scroll","background-type":"","background-media":"","overlay-type":"","overlay-color":"","overlay-opacity":"","overlay-gradient":""},"tablet":{"background-color":"var(--ast-global-color-4)","background-image":"","background-repeat":"repeat","background-position":"center center","background-size":"auto","background-attachment":"scroll","background-type":"","background-media":"","overlay-type":"","overlay-color":"","overlay-opacity":"","overlay-gradient":""},"mobile":{"background-color":"var(--ast-global-color-4)","background-image":"","background-repeat":"repeat","background-position":"center center","background-size":"auto","background-attachment":"scroll","background-type":"","background-media":"","overlay-type":"","overlay-color":"","overlay-opacity":"","overlay-gradient":""}},"footnotes":""},"categories":[1],"tags":[],"class_list":["post-15546","post","type-post","status-publish","format-standard","has-post-thumbnail","hentry","category-non-classe"],"acf":[],"yoast_head":"<!-- This site is optimized with the Yoast SEO plugin v28.4 - https:\/\/yoast.com\/product\/yoast-seo-wordpress\/ -->\n<title>Gu\u00eda de coworkings en Andorra 2026: domiciliaci\u00f3n y precios -<\/title>\n<meta name=\"robots\" content=\"index, follow, max-snippet:-1, max-image-preview:large, max-video-preview:-1\" \/>\n<link rel=\"canonical\" href=\"https:\/\/setupandorra.com\/es\/guia-de-coworkings-en-andorra-2026-domiciliacion-y-precios\/\" \/>\n<meta property=\"og:locale\" content=\"es_ES\" \/>\n<meta property=\"og:type\" content=\"article\" \/>\n<meta property=\"og:title\" content=\"Gu\u00eda de coworkings en Andorra 2026: domiciliaci\u00f3n y precios -\" \/>\n<meta property=\"og:description\" content=\"Una vez tomada la decisi\u00f3n de crear su sociedad en Andorra, la primera cuesti\u00f3n que se plantea para llevar a [&hellip;]\" \/>\n<meta property=\"og:url\" content=\"https:\/\/setupandorra.com\/es\/guia-de-coworkings-en-andorra-2026-domiciliacion-y-precios\/\" \/>\n<meta property=\"article:published_time\" content=\"2026-08-28T13:08:53+00:00\" \/>\n<meta property=\"article:modified_time\" content=\"2026-08-31T07:27:14+00:00\" \/>\n<meta property=\"og:image\" content=\"https:\/\/setupandorra.com\/wp-content\/uploads\/2026\/08\/image-4.jpeg\" \/>\n\t<meta property=\"og:image:width\" content=\"1920\" \/>\n\t<meta property=\"og:image:height\" content=\"1080\" \/>\n\t<meta property=\"og:image:type\" content=\"image\/jpeg\" \/>\n<meta name=\"author\" content=\"Julie\" \/>\n<meta name=\"twitter:card\" content=\"summary_large_image\" \/>\n<meta name=\"twitter:label1\" content=\"Escrito por\" \/>\n\t<meta name=\"twitter:data1\" content=\"Julie\" \/>\n\t<meta name=\"twitter:label2\" content=\"Tiempo de lectura\" \/>\n\t<meta name=\"twitter:data2\" content=\"7 minutes\" \/>\n<!-- \/ Yoast SEO plugin. -->","yoast_head_json":{"title":"Gu\u00eda de coworkings en Andorra 2026: domiciliaci\u00f3n y precios -","robots":{"index":"index","follow":"follow","max-snippet":"max-snippet:-1","max-image-preview":"max-image-preview:large","max-video-preview":"max-video-preview:-1"},"canonical":"https:\/\/setupandorra.com\/es\/guia-de-coworkings-en-andorra-2026-domiciliacion-y-precios\/","og_locale":"es_ES","og_type":"article","og_title":"Gu\u00eda de coworkings en Andorra 2026: domiciliaci\u00f3n y precios -","og_description":"Una vez tomada la decisi\u00f3n de crear su sociedad en Andorra, la primera cuesti\u00f3n que se plantea para llevar a [&hellip;]","og_url":"https:\/\/setupandorra.com\/es\/guia-de-coworkings-en-andorra-2026-domiciliacion-y-precios\/","article_published_time":"2026-08-28T13:08:53+00:00","article_modified_time":"2026-08-31T07:27:14+00:00","og_image":[{"width":1920,"height":1080,"url":"https:\/\/setupandorra.com\/wp-content\/uploads\/2026\/08\/image-4.jpeg","type":"image\/jpeg"}],"author":"Julie","twitter_card":"summary_large_image","twitter_misc":{"Escrito por":"Julie","Tiempo de lectura":"7 minutes"},"schema":{"@context":"https:\/\/schema.org","@graph":[{"@type":"Article","@id":"https:\/\/setupandorra.com\/es\/guia-de-coworkings-en-andorra-2026-domiciliacion-y-precios\/#article","isPartOf":{"@id":"https:\/\/setupandorra.com\/es\/guia-de-coworkings-en-andorra-2026-domiciliacion-y-precios\/"},"author":{"name":"Julie","@id":"https:\/\/setupandorra.com\/es\/#\/schema\/person\/d018e2635bda6e9165c9c9bc5ccccfee"},"headline":"Gu\u00eda de coworkings en Andorra 2026: domiciliaci\u00f3n y precios","datePublished":"2026-08-28T13:08:53+00:00","dateModified":"2026-08-31T07:27:14+00:00","mainEntityOfPage":{"@id":"https:\/\/setupandorra.com\/es\/guia-de-coworkings-en-andorra-2026-domiciliacion-y-precios\/"},"wordCount":1161,"commentCount":0,"publisher":{"@id":"https:\/\/setupandorra.com\/es\/#organization"},"image":{"@id":"https:\/\/setupandorra.com\/es\/guia-de-coworkings-en-andorra-2026-domiciliacion-y-precios\/#primaryimage"},"thumbnailUrl":"https:\/\/setupandorra.com\/wp-content\/uploads\/2026\/08\/image-4.jpeg","articleSection":["Non class\u00e9"],"inLanguage":"es-ES","potentialAction":[{"@type":"CommentAction","name":"Comment","target":["https:\/\/setupandorra.com\/es\/guia-de-coworkings-en-andorra-2026-domiciliacion-y-precios\/#respond"]}]},{"@type":"WebPage","@id":"https:\/\/setupandorra.com\/es\/guia-de-coworkings-en-andorra-2026-domiciliacion-y-precios\/","url":"https:\/\/setupandorra.com\/es\/guia-de-coworkings-en-andorra-2026-domiciliacion-y-precios\/","name":"Gu\u00eda de coworkings en Andorra 2026: domiciliaci\u00f3n y precios -","isPartOf":{"@id":"https:\/\/setupandorra.com\/es\/#website"},"primaryImageOfPage":{"@id":"https:\/\/setupandorra.com\/es\/guia-de-coworkings-en-andorra-2026-domiciliacion-y-precios\/#primaryimage"},"image":{"@id":"https:\/\/setupandorra.com\/es\/guia-de-coworkings-en-andorra-2026-domiciliacion-y-precios\/#primaryimage"},"thumbnailUrl":"https:\/\/setupandorra.com\/wp-content\/uploads\/2026\/08\/image-4.jpeg","datePublished":"2026-08-28T13:08:53+00:00","dateModified":"2026-08-31T07:27:14+00:00","breadcrumb":{"@id":"https:\/\/setupandorra.com\/es\/guia-de-coworkings-en-andorra-2026-domiciliacion-y-precios\/#breadcrumb"},"inLanguage":"es-ES","potentialAction":[{"@type":"ReadAction","target":["https:\/\/setupandorra.com\/es\/guia-de-coworkings-en-andorra-2026-domiciliacion-y-precios\/"]}]},{"@type":"ImageObject","inLanguage":"es-ES","@id":"https:\/\/setupandorra.com\/es\/guia-de-coworkings-en-andorra-2026-domiciliacion-y-precios\/#primaryimage","url":"https:\/\/setupandorra.com\/wp-content\/uploads\/2026\/08\/image-4.jpeg","contentUrl":"https:\/\/setupandorra.com\/wp-content\/uploads\/2026\/08\/image-4.jpeg","width":1920,"height":1080},{"@type":"BreadcrumbList","@id":"https:\/\/setupandorra.com\/es\/guia-de-coworkings-en-andorra-2026-domiciliacion-y-precios\/#breadcrumb","itemListElement":[{"@type":"ListItem","position":1,"name":"Accueil","item":"https:\/\/setupandorra.com\/es\/"},{"@type":"ListItem","position":2,"name":"Gu\u00eda de coworkings en Andorra 2026: domiciliaci\u00f3n y precios"}]},{"@type":"WebSite","@id":"https:\/\/setupandorra.com\/es\/#website","url":"https:\/\/setupandorra.com\/es\/","name":"Setup Andorra","description":"","publisher":{"@id":"https:\/\/setupandorra.com\/es\/#organization"},"potentialAction":[{"@type":"SearchAction","target":{"@type":"EntryPoint","urlTemplate":"https:\/\/setupandorra.com\/es\/?s={search_term_string}"},"query-input":{"@type":"PropertyValueSpecification","valueRequired":true,"valueName":"search_term_string"}}],"inLanguage":"es-ES"},{"@type":"Organization","@id":"https:\/\/setupandorra.com\/es\/#organization","name":"Setup Andorra","url":"https:\/\/setupandorra.com\/es\/","logo":{"@type":"ImageObject","inLanguage":"es-ES","@id":"https:\/\/setupandorra.com\/es\/#\/schema\/logo\/image\/","url":"https:\/\/setupandorra.com\/wp-content\/uploads\/2026\/02\/setup-andorra-logo.webp","contentUrl":"https:\/\/setupandorra.com\/wp-content\/uploads\/2026\/02\/setup-andorra-logo.webp","width":380,"height":202,"caption":"Setup Andorra"},"image":{"@id":"https:\/\/setupandorra.com\/es\/#\/schema\/logo\/image\/"}},{"@type":"Person","@id":"https:\/\/setupandorra.com\/es\/#\/schema\/person\/d018e2635bda6e9165c9c9bc5ccccfee","name":"Julie","image":{"@type":"ImageObject","inLanguage":"es-ES","@id":"https:\/\/secure.gravatar.com\/avatar\/f2c14e1cb4627c4e6bee5fa805aa1227bb7661aeec2c100f14751e179c1f4a3d?s=96&d=mm&r=g","url":"https:\/\/secure.gravatar.com\/avatar\/f2c14e1cb4627c4e6bee5fa805aa1227bb7661aeec2c100f14751e179c1f4a3d?s=96&d=mm&r=g","contentUrl":"https:\/\/secure.gravatar.com\/avatar\/f2c14e1cb4627c4e6bee5fa805aa1227bb7661aeec2c100f14751e179c1f4a3d?s=96&d=mm&r=g","caption":"Julie"}}]}},"spectra_custom_meta":{"_uagb_previous_block_counts":["a:90:{s:21:\"uagb\/advanced-heading\";i:0;s:15:\"uagb\/blockquote\";i:0;s:12:\"uagb\/buttons\";i:0;s:18:\"uagb\/buttons-child\";i:0;s:19:\"uagb\/call-to-action\";i:0;s:15:\"uagb\/cf7-styler\";i:0;s:11:\"uagb\/column\";i:0;s:12:\"uagb\/columns\";i:0;s:14:\"uagb\/container\";i:0;s:21:\"uagb\/content-timeline\";i:0;s:27:\"uagb\/content-timeline-child\";i:0;s:14:\"uagb\/countdown\";i:0;s:12:\"uagb\/counter\";i:0;s:8:\"uagb\/faq\";i:0;s:14:\"uagb\/faq-child\";i:0;s:10:\"uagb\/forms\";i:0;s:17:\"uagb\/forms-accept\";i:0;s:19:\"uagb\/forms-checkbox\";i:0;s:15:\"uagb\/forms-date\";i:0;s:16:\"uagb\/forms-email\";i:0;s:17:\"uagb\/forms-hidden\";i:0;s:15:\"uagb\/forms-name\";i:0;s:16:\"uagb\/forms-phone\";i:0;s:16:\"uagb\/forms-radio\";i:0;s:17:\"uagb\/forms-select\";i:0;s:19:\"uagb\/forms-textarea\";i:0;s:17:\"uagb\/forms-toggle\";i:0;s:14:\"uagb\/forms-url\";i:0;s:14:\"uagb\/gf-styler\";i:0;s:15:\"uagb\/google-map\";i:0;s:11:\"uagb\/how-to\";i:0;s:16:\"uagb\/how-to-step\";i:0;s:9:\"uagb\/icon\";i:0;s:14:\"uagb\/icon-list\";i:0;s:20:\"uagb\/icon-list-child\";i:0;s:10:\"uagb\/image\";i:0;s:18:\"uagb\/image-gallery\";i:0;s:13:\"uagb\/info-box\";i:0;s:18:\"uagb\/inline-notice\";i:0;s:11:\"uagb\/lottie\";i:0;s:21:\"uagb\/marketing-button\";i:0;s:10:\"uagb\/modal\";i:0;s:18:\"uagb\/popup-builder\";i:0;s:16:\"uagb\/post-button\";i:0;s:18:\"uagb\/post-carousel\";i:0;s:17:\"uagb\/post-excerpt\";i:0;s:14:\"uagb\/post-grid\";i:0;s:15:\"uagb\/post-image\";i:0;s:17:\"uagb\/post-masonry\";i:0;s:14:\"uagb\/post-meta\";i:0;s:18:\"uagb\/post-taxonomy\";i:0;s:18:\"uagb\/post-timeline\";i:0;s:15:\"uagb\/post-title\";i:0;s:20:\"uagb\/restaurant-menu\";i:0;s:26:\"uagb\/restaurant-menu-child\";i:0;s:11:\"uagb\/review\";i:0;s:12:\"uagb\/section\";i:0;s:14:\"uagb\/separator\";i:0;s:11:\"uagb\/slider\";i:0;s:17:\"uagb\/slider-child\";i:0;s:17:\"uagb\/social-share\";i:0;s:23:\"uagb\/social-share-child\";i:0;s:16:\"uagb\/star-rating\";i:0;s:23:\"uagb\/sure-cart-checkout\";i:0;s:22:\"uagb\/sure-cart-product\";i:0;s:15:\"uagb\/sure-forms\";i:0;s:22:\"uagb\/table-of-contents\";i:0;s:9:\"uagb\/tabs\";i:0;s:15:\"uagb\/tabs-child\";i:0;s:18:\"uagb\/taxonomy-list\";i:0;s:9:\"uagb\/team\";i:0;s:16:\"uagb\/testimonial\";i:0;s:14:\"uagb\/wp-search\";i:0;s:19:\"uagb\/instagram-feed\";i:0;s:10:\"uagb\/login\";i:0;s:17:\"uagb\/loop-builder\";i:0;s:18:\"uagb\/loop-category\";i:0;s:20:\"uagb\/loop-pagination\";i:0;s:15:\"uagb\/loop-reset\";i:0;s:16:\"uagb\/loop-search\";i:0;s:14:\"uagb\/loop-sort\";i:0;s:17:\"uagb\/loop-wrapper\";i:0;s:13:\"uagb\/register\";i:0;s:19:\"uagb\/register-email\";i:0;s:24:\"uagb\/register-first-name\";i:0;s:23:\"uagb\/register-last-name\";i:0;s:22:\"uagb\/register-password\";i:0;s:30:\"uagb\/register-reenter-password\";i:0;s:19:\"uagb\/register-terms\";i:0;s:22:\"uagb\/register-username\";i:0;}"],"_edit_lock":["1787922336:6"],"_wpml_word_count":["1212"],"_thumbnail_id":["15547"],"_last_translation_edit_mode":["native-editor"],"_edit_last":["6"],"_wpml_media_duplicate":["1"],"_wpml_media_featured":["1"],"_yoast_wpseo_primary_category":[""],"_yoast_wpseo_content_score":["90"],"_yoast_wpseo_estimated-reading-time-minutes":["7"],"_yoast_wpseo_is_content_planner_banner_rendered":["1"],"_pingme":["1"],"_encloseme":["1"],"_uag_css_file_name":["uag-css-15546.css"],"_elementor_page_assets":["a:0:{}"]},"uagb_featured_image_src":{"full":["https:\/\/setupandorra.com\/wp-content\/uploads\/2026\/08\/image-4.jpeg",1920,1080,false],"thumbnail":["https:\/\/setupandorra.com\/wp-content\/uploads\/2026\/08\/image-4-150x150.jpeg",150,150,true],"medium":["https:\/\/setupandorra.com\/wp-content\/uploads\/2026\/08\/image-4-300x169.jpeg",300,169,true],"medium_large":["https:\/\/setupandorra.com\/wp-content\/uploads\/2026\/08\/image-4-768x432.jpeg",768,432,true],"large":["https:\/\/setupandorra.com\/wp-content\/uploads\/2026\/08\/image-4-1024x576.jpeg",1024,576,true],"1536x1536":["https:\/\/setupandorra.com\/wp-content\/uploads\/2026\/08\/image-4-1536x864.jpeg",1536,864,true],"2048x2048":["https:\/\/setupandorra.com\/wp-content\/uploads\/2026\/08\/image-4.jpeg",1920,1080,false]},"uagb_author_info":{"display_name":"Julie","author_link":"https:\/\/setupandorra.com\/es\/author\/julie\/"},"uagb_comment_info":0,"uagb_excerpt":"Una vez tomada la decisi\u00f3n de crear su sociedad en Andorra, la primera cuesti\u00f3n que se plantea para llevar a [&hellip;]","_links":{"self":[{"href":"https:\/\/setupandorra.com\/es\/wp-json\/wp\/v2\/posts\/15546","targetHints":{"allow":["GET"]}}],"collection":[{"href":"https:\/\/setupandorra.com\/es\/wp-json\/wp\/v2\/posts"}],"about":[{"href":"https:\/\/setupandorra.com\/es\/wp-json\/wp\/v2\/types\/post"}],"author":[{"embeddable":true,"href":"https:\/\/setupandorra.com\/es\/wp-json\/wp\/v2\/users\/6"}],"replies":[{"embeddable":true,"href":"https:\/\/setupandorra.com\/es\/wp-json\/wp\/v2\/comments?post=15546"}],"version-history":[{"count":1,"href":"https:\/\/setupandorra.com\/es\/wp-json\/wp\/v2\/posts\/15546\/revisions"}],"predecessor-version":[{"id":15551,"href":"https:\/\/setupandorra.com\/es\/wp-json\/wp\/v2\/posts\/15546\/revisions\/15551"}],"wp:featuredmedia":[{"embeddable":true,"href":"https:\/\/setupandorra.com\/es\/wp-json\/wp\/v2\/media\/15547"}],"wp:attachment":[{"href":"https:\/\/setupandorra.com\/es\/wp-json\/wp\/v2\/media?parent=15546"}],"wp:term":[{"taxonomy":"category","embeddable":true,"href":"https:\/\/setupandorra.com\/es\/wp-json\/wp\/v2\/categories?post=15546"},{"taxonomy":"post_tag","embeddable":true,"href":"https:\/\/setupandorra.com\/es\/wp-json\/wp\/v2\/tags?post=15546"}],"curies":[{"name":"wp","href":"https:\/\/api.w.org\/{rel}","templated":true}]}}