{"id":15534,"date":"2026-08-28T15:08:53","date_gmt":"2026-08-28T13:08:53","guid":{"rendered":"https:\/\/setupandorra.com\/?p=15534"},"modified":"2026-08-31T09:27:13","modified_gmt":"2026-08-31T07:27:13","slug":"guia-de-coworkings-a-andorra-2026-domiciliacio-i-preus","status":"publish","type":"post","link":"https:\/\/setupandorra.com\/ca\/guia-de-coworkings-a-andorra-2026-domiciliacio-i-preus\/","title":{"rendered":"Guia de coworkings a Andorra 2026: domiciliaci\u00f3 i preus"},"content":{"rendered":"\n<p class=\"wp-block-paragraph\">Un cop presa la decisi\u00f3 de crear la vostra societat a Andorra, la q\u00fcesti\u00f3 del lloc de treball \u00e9s la primera que es planteja per dur a terme la vostra instal\u00b7laci\u00f3 al Principat. On treballareu en el dia a dia? Com domiciliar la vostra societat de manera conforme i efica\u00e7, quan la normativa andorrana exigeix un espai dedicat i permanent? Tot seguit trobareu diversos elements de la nostra <a href=\"https:\/\/setupandorra.com\/ca\/private-concierge-set-up-el-soci-ideal-per-installar-se-a-andorra\/gestoria-a-andorra-estar-acompanyat-de-professionals\/\">gestoria andorrana<\/a> per respondre aquestes q\u00fcestions.<\/p>\n\n\n\n<h2 class=\"wp-block-heading\">L\u2019obligaci\u00f3 de domiciliaci\u00f3: s\u2019exigeix un lloc de treball dedicat<\/h2>\n\n\n\n<p class=\"wp-block-paragraph\">Primera norma que cal con\u00e8ixer per domiciliar-vos a Andorra: un Hot Desk no \u00e9s suficient per registrar la vostra societat. El Registre de Comer\u00e7 i les exig\u00e8ncies de subst\u00e0ncia controlades pel Departament de Comer\u00e7 exigeixen un espai dedicat i permanent, amb adre\u00e7a comercial reconeguda pel Govern.<\/p>\n\n\n\n<p class=\"wp-block-paragraph\">Per aix\u00f2 cal distingir tres nivells d\u2019oferta:<\/p>\n\n\n\n<ul class=\"wp-block-list\">\n<li><strong>Nom\u00e9s adre\u00e7a \/ Virtual Office<\/strong>: proposada per alguns centres per a la recepci\u00f3 del correu, per si sola no permet la domiciliaci\u00f3 si no disposeu d\u2019un lloc fix<\/li>\n\n\n\n<li><strong>Lloc fix amb domiciliaci\u00f3<\/strong>: la f\u00f3rmula que permet el registre oficial de la vostra societat<\/li>\n\n\n\n<li><strong>Despatx privat<\/strong>: espai tancat i privatiu, recomanat tan bon punt sou dos socis o rebeu clients<\/li>\n<\/ul>\n\n\n\n<p class=\"wp-block-paragraph\">Si ja residiu a Andorra, la domiciliaci\u00f3 al domicili continua sent legalment possible per a una professi\u00f3 liberal amb habitaci\u00f3 dedicada d\u2019uns 20 m\u00b2, contracte de lloguer que autoritzi l\u2019\u00fas mixt i subst\u00e0ncia provada, per\u00f2 continua sent controlada durant les visites del Departament de Comer\u00e7 i \u00e9s poc adequada per a una SL activa. Per aix\u00f2 la majoria de creadors opten per un Dedicated Desk, m\u00e9s senzill de fer validar per l\u2019administraci\u00f3.<\/p>\n\n\n\n<p class=\"wp-block-paragraph\">Per al procediment que cal seguir i per a m\u00e9s informaci\u00f3 sobre la <a href=\"https:\/\/setupandorra.com\/ca\/invertir-a-andorra-tot-sobre-la-creacio-dempreses-la-fiscalitat-les-inversions-immobiliaries-i-bancaries\/tot-sobre-emprenedoria-i-societat-a-andorra\/creacio-dempresa-i-empresa-a-andorra-tria-el-teu-estatus-i-fes-les-coses-correctes\/\">creaci\u00f3 de societat<\/a>, no dubteu a <a href=\"https:\/\/setupandorra.com\/ca\/contact\/\">contactar amb Set Up<\/a>, Consergeria Privada del Principat que acredita un coneixement molt ampli del pa\u00eds, de les seves lleis i de les seves normes administratives.<\/p>\n\n\n\n<h2 class=\"wp-block-heading\">Top 5 dels coworkings m\u00e9s coneguts a Andorra<\/h2>\n\n\n\n<p class=\"wp-block-paragraph\">Tots estan situats al centre de la ciutat: Andorra la Vella \/ Escaldes-Engordany.<\/p>\n\n\n\n<p class=\"wp-block-paragraph\">Fins i tot trobareu coworkings a les noves torres del centre.<\/p>\n\n\n\n<figure class=\"wp-block-image size-large is-resized\"><img fetchpriority=\"high\" decoding=\"async\" width=\"1024\" height=\"576\" src=\"https:\/\/setupandorra.com\/wp-content\/uploads\/2026\/08\/image-2-1024x576.jpeg\" alt=\"\" class=\"wp-image-15535\" style=\"aspect-ratio:1.7777777777777777;width:624px;height:auto\" srcset=\"https:\/\/setupandorra.com\/wp-content\/uploads\/2026\/08\/image-2-1024x576.jpeg 1024w, https:\/\/setupandorra.com\/wp-content\/uploads\/2026\/08\/image-2-300x169.jpeg 300w, https:\/\/setupandorra.com\/wp-content\/uploads\/2026\/08\/image-2-768x432.jpeg 768w, https:\/\/setupandorra.com\/wp-content\/uploads\/2026\/08\/image-2-1536x864.jpeg 1536w, https:\/\/setupandorra.com\/wp-content\/uploads\/2026\/08\/image-2.jpeg 1920w\" sizes=\"(max-width: 1024px) 100vw, 1024px\" \/><\/figure>\n\n\n\n<ul class=\"wp-block-list\">\n<li><strong>Hive Five by Bomosa<\/strong>: l\u2019operador m\u00e9s gran amb 5 plantes i 2.000 m\u00b2. Terrassa panor\u00e0mica, sala de podcast, gimn\u00e0s i dutxes, etiqueta de carboni neutre. Obert 24\/7 amb acc\u00e9s intel\u00b7ligent<\/li>\n\n\n\n<li>Adre\u00e7a: <a href=\"https:\/\/maps.app.goo.gl\/hGmXbSMbS64tiu6q8\">Av. Doctor Mitjavila 5, AD500 Andorra la Vella<\/a><\/li>\n\n\n\n<li><strong>Ingeni Coworking<\/strong>: 3 espais al centre, posicionat com a tech i creatiu. Acc\u00e9s 24\/7 als tres centres incl\u00f2s<\/li>\n<\/ul>\n\n\n\n<ul class=\"wp-block-list\">\n<li>\u00d2nix: <a href=\"https:\/\/maps.app.goo.gl\/mP5vWFQjgj3U1U968\">Carrer de Pau Casals 10, 3e, Andorra la Vella<\/a><\/li>\n\n\n\n<li>Europa: <a href=\"https:\/\/maps.app.goo.gl\/ySvy6yq7gSNpxXt1A\">Passatge d\u2019Europa 1, Edifici el Bolet, 4e, Andorra la Vella<\/a><\/li>\n\n\n\n<li>Escaldes: <a href=\"https:\/\/maps.app.goo.gl\/qDW6xJn9py4DzRnV8\">C. de la Constituci\u00f3 17, AD700 Escaldes-Engordany<\/a><\/li>\n\n\n\n<li><strong>SMART Executive Center<\/strong>: el premium hist\u00f2ric des del 2015 amb 1.600 m\u00b2. El m\u00e9s proper al Govern a 200 m i al Com\u00fa, amb 40 despatxos privats i 71 llocs en open space<\/li>\n\n\n\n<li>Adre\u00e7a: <a href=\"https:\/\/maps.app.goo.gl\/z7nfBBkDcmCnD98n9\">Av. Pr\u00edncep Benlloch 26-30, 2e, Andorra la Vella<\/a><\/li>\n\n\n\n<li><strong>Andorra Work Center<\/strong>: 1.000 m\u00b2 en dues plantes, l\u2019oferta d\u2019entrada m\u00e9s accessible<\/li>\n\n\n\n<li>Adre\u00e7a: <a href=\"https:\/\/maps.app.goo.gl\/xQgovXRXq5URfnAJ7\">Av. Tarragona 51 \/ Parc de la Mola 10, Andorra la Vella<\/a><\/li>\n\n\n\n<li><strong>Monday<\/strong>: grup internacional amb dos centres a Escaldes, disseny amb vidrieres amb vistes a la muntanya, cantina i acc\u00e9s a la xarxa europea<\/li>\n<\/ul>\n\n\n\n<ul class=\"wp-block-list\">\n<li>Carlemany: <a href=\"https:\/\/www.google.com\/maps\/search\/Carrer+dels+Paraires+8+AD700+Escaldes-Engordany\">Carrer dels Paraires 8, AD700 Escaldes-Engordany<\/a><\/li>\n\n\n\n<li>Escaldes: a 1 minut d\u2019Illa Carlemany<\/li>\n<\/ul>\n\n\n\n<h2 class=\"wp-block-heading\">F\u00f3rmules i preus verificats a principis del 2026<\/h2>\n\n\n\n<p class=\"wp-block-paragraph\">Preus verificats el 22 de juliol del 2026 als llocs web oficials. Preus indicats sense impostos, als quals cal afegir el 4,5 % d\u2019IGI.<\/p>\n\n\n\n<h3 class=\"wp-block-heading\">Hot Desk: lloc flexible sense domiciliaci\u00f3<\/h3>\n\n\n\n<p class=\"wp-block-paragraph\">Lloc no assignat, sense adre\u00e7a de domiciliaci\u00f3. Ideal per provar el pa\u00eds o disposar d\u2019un punt de suport puntual.<\/p>\n\n\n\n<ul class=\"wp-block-list\">\n<li><strong>SMART \u2013 105 \u20ac \/ mes<\/strong><\/li>\n\n\n\n<li>Mitja jornada 13 \u20ac i jornada 20 \u20ac<\/li>\n\n\n\n<li><strong>Andorra Work Center \u2013 120 \u20ac \/ mes<\/strong><\/li>\n\n\n\n<li>Acc\u00e9s en open space, sense comprom\u00eds de perman\u00e8ncia<\/li>\n\n\n\n<li><strong>Monday \u2013 199 \u20ac \/ mes<\/strong><\/li>\n\n\n\n<li>Jornada 29 \u20ac, acc\u00e9s a cantina i xarxa europea incl\u00f2s<\/li>\n\n\n\n<li><strong>Hive Five \u2013 285 \u20ac \/ mes<\/strong><\/li>\n<\/ul>\n\n\n\n<ul class=\"wp-block-list\">\n<li>3 h de sala incloses<\/li>\n\n\n\n<li>200 impressions<\/li>\n\n\n\n<li>Acc\u00e9s a gimn\u00e0s, dutxes i podcast<\/li>\n\n\n\n<li>Sense perman\u00e8ncia<\/li>\n<\/ul>\n\n\n\n<p class=\"wp-block-paragraph\">Ingeni no proposa Hot Desk, la seva oferta comen\u00e7a al lloc fix.<\/p>\n\n\n\n<h3 class=\"wp-block-heading\">Lloc fix: de 249 \u20ac a 410 \u20ac<\/h3>\n\n\n\n<p class=\"wp-block-paragraph\">Pla\u00e7a assignada cada dia. Cal distingir dos casos.<\/p>\n\n\n\n<p class=\"wp-block-paragraph\"><strong>Sense domiciliaci\u00f3:<\/strong><\/p>\n\n\n\n<ul class=\"wp-block-list\">\n<li><strong>Ingeni Personal Desk \u2013 310 \u20ac \/ mes<\/strong><\/li>\n<\/ul>\n\n\n\n<ul class=\"wp-block-list\">\n<li>2 h de sala incloses<\/li>\n\n\n\n<li>Armari privat<\/li>\n\n\n\n<li>Acc\u00e9s 24\/7 als tres centres Ingeni<\/li>\n\n\n\n<li>Domiciliaci\u00f3 no inclosa<\/li>\n<\/ul>\n\n\n\n<p class=\"wp-block-paragraph\"><strong>Amb domiciliaci\u00f3, la soluci\u00f3 per registrar la vostra SL:<\/strong><\/p>\n\n\n\n<ul class=\"wp-block-list\">\n<li><strong>Monday Fixed Desk \u2013 249 \u20ac \/ mes<\/strong><\/li>\n\n\n\n<li>Lloc fix en open space<\/li>\n\n\n\n<li><strong>Andorra Work Center Personal Desk \u2013 259 \u20ac \/ mes<\/strong><\/li>\n<\/ul>\n\n\n\n<ul class=\"wp-block-list\">\n<li>5 h de sala incloses<\/li>\n\n\n\n<li>Domiciliaci\u00f3 inclosa<\/li>\n\n\n\n<li><strong>SMART Dedicated Desk \u2013 295 \u20ac \/ mes<\/strong><\/li>\n<\/ul>\n\n\n\n<ul class=\"wp-block-list\">\n<li>4 h de sala incloses<\/li>\n\n\n\n<li>Comprom\u00eds de 6 mesos<\/li>\n\n\n\n<li>Domiciliaci\u00f3 inclosa<\/li>\n\n\n\n<li><strong>Ingeni Business Desk \u2013 410 \u20ac \/ mes<\/strong><\/li>\n<\/ul>\n\n\n\n<ul class=\"wp-block-list\">\n<li>5 h de sala incloses<\/li>\n\n\n\n<li>Armari privat<\/li>\n\n\n\n<li>Acc\u00e9s 24\/7 als tres centres Ingeni<\/li>\n\n\n\n<li>Domiciliaci\u00f3 inclosa<\/li>\n\n\n\n<li><strong>Hive Five Fixed Desk \u2013 385 \u20ac \/ mes<\/strong><\/li>\n<\/ul>\n\n\n\n<ul class=\"wp-block-list\">\n<li>5 h de sala incloses<\/li>\n\n\n\n<li>200 impressions<\/li>\n\n\n\n<li>Domiciliaci\u00f3 inclosa<\/li>\n\n\n\n<li>Comprom\u00eds de 6 mesos<\/li>\n<\/ul>\n\n\n\n<h3 class=\"wp-block-heading\">Despatx privat: des de 590 \u20ac \/ mes<\/h3>\n\n\n\n<p class=\"wp-block-paragraph\">Recomanat tan bon punt sou dos socis o rebeu clients.<\/p>\n\n\n\n<ul class=\"wp-block-list\">\n<li><strong>Andorra Work Center \u2013 des de 590 \u20ac \/ mes<\/strong><\/li>\n\n\n\n<li>10 h de sala incloses<\/li>\n\n\n\n<li><strong>Monday \u2013 des de 349 \u20ac \/ pers. \/ mes<\/strong><\/li>\n\n\n\n<li>A partir d\u20191 persona<\/li>\n\n\n\n<li><strong>Ingeni \u2013 des de 1.100 \u20ac \/ mes<\/strong><\/li>\n\n\n\n<li>Equips de 2 a 6 persones<\/li>\n\n\n\n<li><strong>Hive Five \u2013 des de 1.100 \u20ac \/ mes<\/strong><\/li>\n<\/ul>\n\n\n\n<ul class=\"wp-block-list\">\n<li>Doble 7 m\u00b2 1.100 \u20ac, Qu\u00e0druple 12 m\u00b2 1.600 \u20ac, \u00d2ctuple 23 m\u00b2 2.600 \u20ac<\/li>\n\n\n\n<li>8 h de sala incloses<\/li>\n<\/ul>\n\n\n\n<h2 class=\"wp-block-heading\">Altres coworkings que cal con\u00e8ixer a Andorra<\/h2>\n\n\n\n<p class=\"wp-block-paragraph\">A m\u00e9s del top 5, altres espais completen l\u2019oferta, sovint m\u00e9s petits o especialitzats.<\/p>\n\n\n\n<ul class=\"wp-block-list\">\n<li><strong>AF Coworking Andorra<\/strong> \u00b7 Encamp \u00b7 <a href=\"https:\/\/afcowork.com\/\">afcowork.com<\/a><\/li>\n\n\n\n<li><strong>Aitamar Coworking<\/strong> \u00b7 Escaldes-Engordany \u00b7 <a href=\"https:\/\/aitamargroup.com\/\">aitamargroup.com<\/a><\/li>\n\n\n\n<li><strong>Cow Or King<\/strong> \u00b7 Escaldes-Engordany \u00b7 <a href=\"https:\/\/coworkingandorra.com\/\">coworkingandorra.com<\/a><\/li>\n\n\n\n<li><strong>CoworkerAnd<\/strong> \u00b7 Escaldes-Engordany \u00b7 <a href=\"https:\/\/coworkerand.com\/\">coworkerand.com<\/a><\/li>\n\n\n\n<li><strong>Coworking Inspira<\/strong> \u00b7 Encamp \u00b7 <a href=\"https:\/\/www.coworking-inspira.com\/\">coworking-inspira.com<\/a><\/li>\n\n\n\n<li><strong>Ketkal Coworking<\/strong> \u00b7 Sant Juli\u00e0 de L\u00f2ria \u00b7 <a href=\"https:\/\/www.ketkal.net\/\">ketkal.net<\/a><\/li>\n\n\n\n<li><strong>LEAD Coworking<\/strong> \u00b7 Encamp \u00b7 <a href=\"https:\/\/www.leadcoworking.com\/es\/\">leadcoworking.com<\/a><\/li>\n\n\n\n<li><strong>LevelUP Coworking<\/strong> \u00b7 Escaldes-Engordany \u00b7 <a href=\"https:\/\/levelup.ad\/\">levelup.ad<\/a><\/li>\n\n\n\n<li><strong>Office Andorra<\/strong> \u00b7 Andorra la Vella \u00b7 <a href=\"https:\/\/www.office-andorra.com\/\">office-andorra.com<\/a><\/li>\n\n\n\n<li><strong>Tramuntana Coworking<\/strong> \u00b7 Andorra la Vella \u00b7 <a href=\"https:\/\/tramuntanacoworking.com\/\">tramuntanacoworking.com<\/a><\/li>\n<\/ul>\n\n\n\n<h2 class=\"wp-block-heading\">Informaci\u00f3 \u00fatil abans de triar el vostre coworking<\/h2>\n\n\n\n<p class=\"wp-block-paragraph\">Triar un coworking de manera adequada \u00e9s anticipar els serveis que necessitareu en el dia a dia.<\/p>\n\n\n\n<p class=\"wp-block-paragraph\">Tots els centres inclouen Wi-Fi d\u2019alta velocitat, electricitat i neteja. Verifiqueu abans de comprometre-us el nombre d\u2019hores de sala incloses, el volum d\u2019impressions, l\u2019acc\u00e9s 24\/7, la pres\u00e8ncia de cabines telef\u00f2niques insonoritzades, d\u2019armaris i la recepci\u00f3 del correu.<\/p>\n\n\n\n<p class=\"wp-block-paragraph\">La majoria de centres proposen gimn\u00e0s, terrassa o cantina. Hive Five \u00e9s l\u2019\u00fanic que reuneix simult\u00e0niament terrassa panor\u00e0mica, gimn\u00e0s, dutxes i sala de podcast sota el mateix sostre. SMART i Ingeni disposen tamb\u00e9 d\u2019una sala de podcast separada.<\/p>\n\n\n\n<p class=\"wp-block-paragraph\">Al centre de la ciutat, de vegades \u00e9s complicat trobar pla\u00e7a en zona blava, sobretot a l\u2019hivern durant la temporada d\u2019esqu\u00ed. \u00c9s millor saber <a href=\"https:\/\/actividadesenandorra.com\/planifica-tu-viaje\/aparcar-en-andorra\">on aparcar<\/a> abans de despla\u00e7ar-vos amb cotxe. Tenir el p\u00e0rquing incl\u00f2s tamb\u00e9 \u00e9s un avantatge que cal tenir en compte.<\/p>\n\n\n\n<p class=\"wp-block-paragraph\">Per a m\u00e9s informaci\u00f3, no dubteu a <a href=\"https:\/\/setupandorra.com\/ca\/contact\/\">contactar amb Set Up<\/a>, Consergeria Privada al Principat. Us ajudarem de manera concreta en la vostra <a href=\"https:\/\/setupandorra.com\/ca\/expatriacio-a-andorra-viure-al-principat\/expatriar-se-i-installar-se-a-andorra-una-ajuda-a-mida-per-convertir-se-en-resident-a-andorra\/\">expatriaci\u00f3<\/a> i en l\u2019elecci\u00f3 de la vostra domiciliaci\u00f3 a Andorra. El nostre acompanyament us permetr\u00e0 evitar la constricci\u00f3 vinculada a l\u2019allunyament i superar la barrera de la llengua, ja que els tr\u00e0mits administratius es realitzen en catal\u00e0.<\/p>\n\n\n\n<p class=\"wp-block-paragraph\"><\/p>\n","protected":false},"excerpt":{"rendered":"<p>Un cop presa la decisi\u00f3 de crear la vostra societat a Andorra, la q\u00fcesti\u00f3 del lloc de treball \u00e9s la [&hellip;]<\/p>\n","protected":false},"author":6,"featured_media":15530,"comment_status":"open","ping_status":"open","sticky":false,"template":"","format":"standard","meta":{"_acf_changed":false,"_uag_custom_page_level_css":"","site-sidebar-layout":"default","site-content-layout":"","ast-site-content-layout":"default","site-content-style":"default","site-sidebar-style":"default","ast-global-header-display":"","ast-banner-title-visibility":"","ast-main-header-display":"","ast-hfb-above-header-display":"","ast-hfb-below-header-display":"","ast-hfb-mobile-header-display":"","site-post-title":"","ast-breadcrumbs-content":"","ast-featured-img":"","footer-sml-layout":"","ast-disable-related-posts":"","theme-transparent-header-meta":"","adv-header-id-meta":"","stick-header-meta":"","header-above-stick-meta":"","header-main-stick-meta":"","header-below-stick-meta":"","astra-migrate-meta-layouts":"default","ast-page-background-enabled":"default","ast-page-background-meta":{"desktop":{"background-color":"var(--ast-global-color-5)","background-image":"","background-repeat":"repeat","background-position":"center center","background-size":"auto","background-attachment":"scroll","background-type":"","background-media":"","overlay-type":"","overlay-color":"","overlay-opacity":"","overlay-gradient":""},"tablet":{"background-color":"","background-image":"","background-repeat":"repeat","background-position":"center center","background-size":"auto","background-attachment":"scroll","background-type":"","background-media":"","overlay-type":"","overlay-color":"","overlay-opacity":"","overlay-gradient":""},"mobile":{"background-color":"","background-image":"","background-repeat":"repeat","background-position":"center center","background-size":"auto","background-attachment":"scroll","background-type":"","background-media":"","overlay-type":"","overlay-color":"","overlay-opacity":"","overlay-gradient":""}},"ast-content-background-meta":{"desktop":{"background-color":"var(--ast-global-color-4)","background-image":"","background-repeat":"repeat","background-position":"center center","background-size":"auto","background-attachment":"scroll","background-type":"","background-media":"","overlay-type":"","overlay-color":"","overlay-opacity":"","overlay-gradient":""},"tablet":{"background-color":"var(--ast-global-color-4)","background-image":"","background-repeat":"repeat","background-position":"center center","background-size":"auto","background-attachment":"scroll","background-type":"","background-media":"","overlay-type":"","overlay-color":"","overlay-opacity":"","overlay-gradient":""},"mobile":{"background-color":"var(--ast-global-color-4)","background-image":"","background-repeat":"repeat","background-position":"center center","background-size":"auto","background-attachment":"scroll","background-type":"","background-media":"","overlay-type":"","overlay-color":"","overlay-opacity":"","overlay-gradient":""}},"footnotes":""},"categories":[1],"tags":[],"class_list":["post-15534","post","type-post","status-publish","format-standard","has-post-thumbnail","hentry","category-non-classe"],"acf":[],"yoast_head":"<!-- This site is optimized with the Yoast SEO plugin v28.4 - https:\/\/yoast.com\/product\/yoast-seo-wordpress\/ -->\n<title>Guia de coworkings a Andorra 2026: domiciliaci\u00f3 i preus -<\/title>\n<meta name=\"robots\" content=\"index, follow, max-snippet:-1, max-image-preview:large, max-video-preview:-1\" \/>\n<link rel=\"canonical\" href=\"https:\/\/setupandorra.com\/ca\/guia-de-coworkings-a-andorra-2026-domiciliacio-i-preus\/\" \/>\n<meta property=\"og:locale\" content=\"ca_ES\" \/>\n<meta property=\"og:type\" content=\"article\" \/>\n<meta property=\"og:title\" content=\"Guia de coworkings a Andorra 2026: domiciliaci\u00f3 i preus -\" \/>\n<meta property=\"og:description\" content=\"Un cop presa la decisi\u00f3 de crear la vostra societat a Andorra, la q\u00fcesti\u00f3 del lloc de treball \u00e9s la [&hellip;]\" \/>\n<meta property=\"og:url\" content=\"https:\/\/setupandorra.com\/ca\/guia-de-coworkings-a-andorra-2026-domiciliacio-i-preus\/\" \/>\n<meta property=\"article:published_time\" content=\"2026-08-28T13:08:53+00:00\" \/>\n<meta property=\"article:modified_time\" content=\"2026-08-31T07:27:13+00:00\" \/>\n<meta property=\"og:image\" content=\"https:\/\/setupandorra.com\/wp-content\/uploads\/2026\/08\/image-1.jpeg\" \/>\n\t<meta property=\"og:image:width\" content=\"1920\" \/>\n\t<meta property=\"og:image:height\" content=\"1080\" \/>\n\t<meta property=\"og:image:type\" content=\"image\/jpeg\" \/>\n<meta name=\"author\" content=\"Julie\" \/>\n<meta name=\"twitter:card\" content=\"summary_large_image\" \/>\n<meta name=\"twitter:label1\" content=\"Escrit per\" \/>\n\t<meta name=\"twitter:data1\" content=\"Julie\" \/>\n\t<meta name=\"twitter:label2\" content=\"Temps estimat de lectura\" \/>\n\t<meta name=\"twitter:data2\" content=\"7 minutes\" \/>\n<!-- \/ Yoast SEO plugin. -->","yoast_head_json":{"title":"Guia de coworkings a Andorra 2026: domiciliaci\u00f3 i preus -","robots":{"index":"index","follow":"follow","max-snippet":"max-snippet:-1","max-image-preview":"max-image-preview:large","max-video-preview":"max-video-preview:-1"},"canonical":"https:\/\/setupandorra.com\/ca\/guia-de-coworkings-a-andorra-2026-domiciliacio-i-preus\/","og_locale":"ca_ES","og_type":"article","og_title":"Guia de coworkings a Andorra 2026: domiciliaci\u00f3 i preus -","og_description":"Un cop presa la decisi\u00f3 de crear la vostra societat a Andorra, la q\u00fcesti\u00f3 del lloc de treball \u00e9s la [&hellip;]","og_url":"https:\/\/setupandorra.com\/ca\/guia-de-coworkings-a-andorra-2026-domiciliacio-i-preus\/","article_published_time":"2026-08-28T13:08:53+00:00","article_modified_time":"2026-08-31T07:27:13+00:00","og_image":[{"width":1920,"height":1080,"url":"https:\/\/setupandorra.com\/wp-content\/uploads\/2026\/08\/image-1.jpeg","type":"image\/jpeg"}],"author":"Julie","twitter_card":"summary_large_image","twitter_misc":{"Escrit per":"Julie","Temps estimat de lectura":"7 minutes"},"schema":{"@context":"https:\/\/schema.org","@graph":[{"@type":"Article","@id":"https:\/\/setupandorra.com\/ca\/guia-de-coworkings-a-andorra-2026-domiciliacio-i-preus\/#article","isPartOf":{"@id":"https:\/\/setupandorra.com\/ca\/guia-de-coworkings-a-andorra-2026-domiciliacio-i-preus\/"},"author":{"name":"Julie","@id":"https:\/\/setupandorra.com\/ca\/#\/schema\/person\/d018e2635bda6e9165c9c9bc5ccccfee"},"headline":"Guia de coworkings a Andorra 2026: domiciliaci\u00f3 i preus","datePublished":"2026-08-28T13:08:53+00:00","dateModified":"2026-08-31T07:27:13+00:00","mainEntityOfPage":{"@id":"https:\/\/setupandorra.com\/ca\/guia-de-coworkings-a-andorra-2026-domiciliacio-i-preus\/"},"wordCount":1161,"commentCount":0,"publisher":{"@id":"https:\/\/setupandorra.com\/ca\/#organization"},"image":{"@id":"https:\/\/setupandorra.com\/ca\/guia-de-coworkings-a-andorra-2026-domiciliacio-i-preus\/#primaryimage"},"thumbnailUrl":"https:\/\/setupandorra.com\/wp-content\/uploads\/2026\/08\/image-1.jpeg","articleSection":["Non class\u00e9"],"inLanguage":"ca","potentialAction":[{"@type":"CommentAction","name":"Comment","target":["https:\/\/setupandorra.com\/ca\/guia-de-coworkings-a-andorra-2026-domiciliacio-i-preus\/#respond"]}]},{"@type":"WebPage","@id":"https:\/\/setupandorra.com\/ca\/guia-de-coworkings-a-andorra-2026-domiciliacio-i-preus\/","url":"https:\/\/setupandorra.com\/ca\/guia-de-coworkings-a-andorra-2026-domiciliacio-i-preus\/","name":"Guia de coworkings a Andorra 2026: domiciliaci\u00f3 i preus -","isPartOf":{"@id":"https:\/\/setupandorra.com\/ca\/#website"},"primaryImageOfPage":{"@id":"https:\/\/setupandorra.com\/ca\/guia-de-coworkings-a-andorra-2026-domiciliacio-i-preus\/#primaryimage"},"image":{"@id":"https:\/\/setupandorra.com\/ca\/guia-de-coworkings-a-andorra-2026-domiciliacio-i-preus\/#primaryimage"},"thumbnailUrl":"https:\/\/setupandorra.com\/wp-content\/uploads\/2026\/08\/image-1.jpeg","datePublished":"2026-08-28T13:08:53+00:00","dateModified":"2026-08-31T07:27:13+00:00","breadcrumb":{"@id":"https:\/\/setupandorra.com\/ca\/guia-de-coworkings-a-andorra-2026-domiciliacio-i-preus\/#breadcrumb"},"inLanguage":"ca","potentialAction":[{"@type":"ReadAction","target":["https:\/\/setupandorra.com\/ca\/guia-de-coworkings-a-andorra-2026-domiciliacio-i-preus\/"]}]},{"@type":"ImageObject","inLanguage":"ca","@id":"https:\/\/setupandorra.com\/ca\/guia-de-coworkings-a-andorra-2026-domiciliacio-i-preus\/#primaryimage","url":"https:\/\/setupandorra.com\/wp-content\/uploads\/2026\/08\/image-1.jpeg","contentUrl":"https:\/\/setupandorra.com\/wp-content\/uploads\/2026\/08\/image-1.jpeg","width":1920,"height":1080},{"@type":"BreadcrumbList","@id":"https:\/\/setupandorra.com\/ca\/guia-de-coworkings-a-andorra-2026-domiciliacio-i-preus\/#breadcrumb","itemListElement":[{"@type":"ListItem","position":1,"name":"Accueil","item":"https:\/\/setupandorra.com\/ca\/"},{"@type":"ListItem","position":2,"name":"Guia de coworkings a Andorra 2026: domiciliaci\u00f3 i preus"}]},{"@type":"WebSite","@id":"https:\/\/setupandorra.com\/ca\/#website","url":"https:\/\/setupandorra.com\/ca\/","name":"Setup Andorra","description":"","publisher":{"@id":"https:\/\/setupandorra.com\/ca\/#organization"},"potentialAction":[{"@type":"SearchAction","target":{"@type":"EntryPoint","urlTemplate":"https:\/\/setupandorra.com\/ca\/?s={search_term_string}"},"query-input":{"@type":"PropertyValueSpecification","valueRequired":true,"valueName":"search_term_string"}}],"inLanguage":"ca"},{"@type":"Organization","@id":"https:\/\/setupandorra.com\/ca\/#organization","name":"Setup Andorra","url":"https:\/\/setupandorra.com\/ca\/","logo":{"@type":"ImageObject","inLanguage":"ca","@id":"https:\/\/setupandorra.com\/ca\/#\/schema\/logo\/image\/","url":"https:\/\/setupandorra.com\/wp-content\/uploads\/2026\/02\/setup-andorra-logo.webp","contentUrl":"https:\/\/setupandorra.com\/wp-content\/uploads\/2026\/02\/setup-andorra-logo.webp","width":380,"height":202,"caption":"Setup Andorra"},"image":{"@id":"https:\/\/setupandorra.com\/ca\/#\/schema\/logo\/image\/"}},{"@type":"Person","@id":"https:\/\/setupandorra.com\/ca\/#\/schema\/person\/d018e2635bda6e9165c9c9bc5ccccfee","name":"Julie","image":{"@type":"ImageObject","inLanguage":"ca","@id":"https:\/\/secure.gravatar.com\/avatar\/f2c14e1cb4627c4e6bee5fa805aa1227bb7661aeec2c100f14751e179c1f4a3d?s=96&d=mm&r=g","url":"https:\/\/secure.gravatar.com\/avatar\/f2c14e1cb4627c4e6bee5fa805aa1227bb7661aeec2c100f14751e179c1f4a3d?s=96&d=mm&r=g","contentUrl":"https:\/\/secure.gravatar.com\/avatar\/f2c14e1cb4627c4e6bee5fa805aa1227bb7661aeec2c100f14751e179c1f4a3d?s=96&d=mm&r=g","caption":"Julie"}}]}},"spectra_custom_meta":{"_uagb_previous_block_counts":["a:90:{s:21:\"uagb\/advanced-heading\";i:0;s:15:\"uagb\/blockquote\";i:0;s:12:\"uagb\/buttons\";i:0;s:18:\"uagb\/buttons-child\";i:0;s:19:\"uagb\/call-to-action\";i:0;s:15:\"uagb\/cf7-styler\";i:0;s:11:\"uagb\/column\";i:0;s:12:\"uagb\/columns\";i:0;s:14:\"uagb\/container\";i:0;s:21:\"uagb\/content-timeline\";i:0;s:27:\"uagb\/content-timeline-child\";i:0;s:14:\"uagb\/countdown\";i:0;s:12:\"uagb\/counter\";i:0;s:8:\"uagb\/faq\";i:0;s:14:\"uagb\/faq-child\";i:0;s:10:\"uagb\/forms\";i:0;s:17:\"uagb\/forms-accept\";i:0;s:19:\"uagb\/forms-checkbox\";i:0;s:15:\"uagb\/forms-date\";i:0;s:16:\"uagb\/forms-email\";i:0;s:17:\"uagb\/forms-hidden\";i:0;s:15:\"uagb\/forms-name\";i:0;s:16:\"uagb\/forms-phone\";i:0;s:16:\"uagb\/forms-radio\";i:0;s:17:\"uagb\/forms-select\";i:0;s:19:\"uagb\/forms-textarea\";i:0;s:17:\"uagb\/forms-toggle\";i:0;s:14:\"uagb\/forms-url\";i:0;s:14:\"uagb\/gf-styler\";i:0;s:15:\"uagb\/google-map\";i:0;s:11:\"uagb\/how-to\";i:0;s:16:\"uagb\/how-to-step\";i:0;s:9:\"uagb\/icon\";i:0;s:14:\"uagb\/icon-list\";i:0;s:20:\"uagb\/icon-list-child\";i:0;s:10:\"uagb\/image\";i:0;s:18:\"uagb\/image-gallery\";i:0;s:13:\"uagb\/info-box\";i:0;s:18:\"uagb\/inline-notice\";i:0;s:11:\"uagb\/lottie\";i:0;s:21:\"uagb\/marketing-button\";i:0;s:10:\"uagb\/modal\";i:0;s:18:\"uagb\/popup-builder\";i:0;s:16:\"uagb\/post-button\";i:0;s:18:\"uagb\/post-carousel\";i:0;s:17:\"uagb\/post-excerpt\";i:0;s:14:\"uagb\/post-grid\";i:0;s:15:\"uagb\/post-image\";i:0;s:17:\"uagb\/post-masonry\";i:0;s:14:\"uagb\/post-meta\";i:0;s:18:\"uagb\/post-taxonomy\";i:0;s:18:\"uagb\/post-timeline\";i:0;s:15:\"uagb\/post-title\";i:0;s:20:\"uagb\/restaurant-menu\";i:0;s:26:\"uagb\/restaurant-menu-child\";i:0;s:11:\"uagb\/review\";i:0;s:12:\"uagb\/section\";i:0;s:14:\"uagb\/separator\";i:0;s:11:\"uagb\/slider\";i:0;s:17:\"uagb\/slider-child\";i:0;s:17:\"uagb\/social-share\";i:0;s:23:\"uagb\/social-share-child\";i:0;s:16:\"uagb\/star-rating\";i:0;s:23:\"uagb\/sure-cart-checkout\";i:0;s:22:\"uagb\/sure-cart-product\";i:0;s:15:\"uagb\/sure-forms\";i:0;s:22:\"uagb\/table-of-contents\";i:0;s:9:\"uagb\/tabs\";i:0;s:15:\"uagb\/tabs-child\";i:0;s:18:\"uagb\/taxonomy-list\";i:0;s:9:\"uagb\/team\";i:0;s:16:\"uagb\/testimonial\";i:0;s:14:\"uagb\/wp-search\";i:0;s:19:\"uagb\/instagram-feed\";i:0;s:10:\"uagb\/login\";i:0;s:17:\"uagb\/loop-builder\";i:0;s:18:\"uagb\/loop-category\";i:0;s:20:\"uagb\/loop-pagination\";i:0;s:15:\"uagb\/loop-reset\";i:0;s:16:\"uagb\/loop-search\";i:0;s:14:\"uagb\/loop-sort\";i:0;s:17:\"uagb\/loop-wrapper\";i:0;s:13:\"uagb\/register\";i:0;s:19:\"uagb\/register-email\";i:0;s:24:\"uagb\/register-first-name\";i:0;s:23:\"uagb\/register-last-name\";i:0;s:22:\"uagb\/register-password\";i:0;s:30:\"uagb\/register-reenter-password\";i:0;s:19:\"uagb\/register-terms\";i:0;s:22:\"uagb\/register-username\";i:0;}"],"_edit_lock":["1787922082:6"],"_wpml_word_count":["1199"],"_edit_last":["6"],"_wpml_media_duplicate":["1"],"_wpml_media_featured":["1"],"_yoast_wpseo_primary_category":[""],"_thumbnail_id":["15530"],"_last_translation_edit_mode":["native-editor"],"_yoast_wpseo_content_score":["90"],"_yoast_wpseo_estimated-reading-time-minutes":["7"],"_yoast_wpseo_is_content_planner_banner_rendered":["1"],"_pingme":["1"],"_encloseme":["1"],"_uag_css_file_name":["uag-css-15534.css"],"_elementor_page_assets":["a:0:{}"]},"uagb_featured_image_src":{"full":["https:\/\/setupandorra.com\/wp-content\/uploads\/2026\/08\/image-1.jpeg",1920,1080,false],"thumbnail":["https:\/\/setupandorra.com\/wp-content\/uploads\/2026\/08\/image-1.jpeg",150,84,false],"medium":["https:\/\/setupandorra.com\/wp-content\/uploads\/2026\/08\/image-1.jpeg",300,169,false],"medium_large":["https:\/\/setupandorra.com\/wp-content\/uploads\/2026\/08\/image-1.jpeg",768,432,false],"large":["https:\/\/setupandorra.com\/wp-content\/uploads\/2026\/08\/image-1.jpeg",1024,576,false],"1536x1536":["https:\/\/setupandorra.com\/wp-content\/uploads\/2026\/08\/image-1.jpeg",1536,864,false],"2048x2048":["https:\/\/setupandorra.com\/wp-content\/uploads\/2026\/08\/image-1.jpeg",1920,1080,false]},"uagb_author_info":{"display_name":"Julie","author_link":"https:\/\/setupandorra.com\/ca\/author\/julie\/"},"uagb_comment_info":0,"uagb_excerpt":"Un cop presa la decisi\u00f3 de crear la vostra societat a Andorra, la q\u00fcesti\u00f3 del lloc de treball \u00e9s la [&hellip;]","_links":{"self":[{"href":"https:\/\/setupandorra.com\/ca\/wp-json\/wp\/v2\/posts\/15534","targetHints":{"allow":["GET"]}}],"collection":[{"href":"https:\/\/setupandorra.com\/ca\/wp-json\/wp\/v2\/posts"}],"about":[{"href":"https:\/\/setupandorra.com\/ca\/wp-json\/wp\/v2\/types\/post"}],"author":[{"embeddable":true,"href":"https:\/\/setupandorra.com\/ca\/wp-json\/wp\/v2\/users\/6"}],"replies":[{"embeddable":true,"href":"https:\/\/setupandorra.com\/ca\/wp-json\/wp\/v2\/comments?post=15534"}],"version-history":[{"count":2,"href":"https:\/\/setupandorra.com\/ca\/wp-json\/wp\/v2\/posts\/15534\/revisions"}],"predecessor-version":[{"id":15568,"href":"https:\/\/setupandorra.com\/ca\/wp-json\/wp\/v2\/posts\/15534\/revisions\/15568"}],"wp:featuredmedia":[{"embeddable":true,"href":"https:\/\/setupandorra.com\/ca\/wp-json\/wp\/v2\/media\/15530"}],"wp:attachment":[{"href":"https:\/\/setupandorra.com\/ca\/wp-json\/wp\/v2\/media?parent=15534"}],"wp:term":[{"taxonomy":"category","embeddable":true,"href":"https:\/\/setupandorra.com\/ca\/wp-json\/wp\/v2\/categories?post=15534"},{"taxonomy":"post_tag","embeddable":true,"href":"https:\/\/setupandorra.com\/ca\/wp-json\/wp\/v2\/tags?post=15534"}],"curies":[{"name":"wp","href":"https:\/\/api.w.org\/{rel}","templated":true}]}}